{"id":103,"date":"2020-11-17T15:55:52","date_gmt":"2020-11-17T14:55:52","guid":{"rendered":"http:\/\/tisserdesliens.luitaud.fr\/?p=103"},"modified":"2021-02-20T17:26:33","modified_gmt":"2021-02-20T16:26:33","slug":"les-familles-et-linstitution","status":"publish","type":"post","link":"http:\/\/tisserdesliens.luitaud.fr\/?p=103","title":{"rendered":"Les familles et l&rsquo;institution"},"content":{"rendered":"\n<p class=\"has-drop-cap\"><em>Cet article a pour but de livrer encore une fois de fa\u00e7on brute mon ressenti, je ne juge aucunement&#8230;Je relate mon v\u00e9cu, ce que j&rsquo;ai pu voir, percevoir pour peut \u00eatre faire avancer les choses et expliquer pourquoi j&rsquo;ai choisi de ne plus travailler en institution&#8230;<\/em><\/p>\n\n\n\n<p>Exercer en tant qu&rsquo;\u00e9ducatrice sp\u00e9cialis\u00e9e en institution aupr\u00e8s d&rsquo;enfants polyhandicap\u00e9s signifient les accompagner au quotidien, mettre en place des projets de vie. Ce projet se fait en lien avec les familles que nous rencontrons au moins une fois par an et ponctuellement \u00e0 leur demande ou \u00e0 la n\u00f4tre.<\/p>\n\n\n\n<p>Ces familles, au d\u00e9but de la prise en charge de leur enfant dans l&rsquo;\u00e9tablissement, d\u00e9posent leur enfant le matin, le r\u00e9cup\u00e8rent le soir et ce, tous les jours, comme chaque parent le fait avec son enfant pour l&rsquo;\u00e9cole. L&rsquo;\u00e9quipe et donc le r\u00e9f\u00e9rent de l&rsquo;enfant, c&rsquo;est \u00e0 dire moi, peut alors \u00e9changer sur la nuit de l&rsquo;enfant puis de sa journ\u00e9e. Pourtant tr\u00e8s vite, l&rsquo;institution propose la mise en place d&rsquo;un transport pour \u00e9viter aux parents de faire les trajets, ceux-ci acceptent puisque cela semble \u00eatre dans les habitudes de l&rsquo;institution. La communication avec l&rsquo;\u00e9quipe ne se fait plus de mani\u00e8re orale mais par le biais d&rsquo;un cahier de liaison ou parfois lors d&rsquo;un appel.<\/p>\n\n\n\n<p>Quelle place donne l&rsquo;institution aux parents? Comment se retrouvent-ils malgr\u00e9 eux dans une situation o\u00f9 nous ne pouvons plus les rencontrer? Comment les familles peuvent-elles nous dire ce qu&rsquo;elles ont sur le c\u0153ur si nous ne pouvons communiquer, se rencontrer et travailler en partenariat avec elles.?<\/p>\n\n\n\n<p>Lorsque j&rsquo;ai \u00e9mis l&rsquo;hypoth\u00e8se que si l&rsquo;enfant \u00e9tait en souffrance c&rsquo;\u00e9tait en lien avec la souffrance des parents, certains coll\u00e8gues m&rsquo;ont r\u00e9pondu \u00ab\u00a0tu t&rsquo;occupes de l&rsquo;enfant pas de ses parents\u00a0\u00bb&#8230;Sujet clos pour certains mais pas pour moi! J&rsquo;avais choisi de travailler en institution apr\u00e8s mon stage long en CAMSP justement pour retrouver le lien que j&rsquo;avais avec les familles, pour \u00eatre au plus pr\u00e8s d&rsquo;elles pour leur confort et celui de leur enfant. On me remettait \u00e0 une place d\u2019ex\u00e9cutant et non plus de \u00ab\u00a0personne qui met du sens dans ses actions\u00a0\u00bb&#8230;comme j&rsquo;avais cru l&rsquo;apprendre lors de ma formation. Le but m\u00eame de mon m\u00e9tier est de me poser des questions, de r\u00e9fl\u00e9chir avant d&rsquo;agir, d&rsquo;inclure les parents dans mon travail&#8230;<\/p>\n\n\n\n<p>Comment les familles peuvent-elles nous faire confiance si nous ne les laissons pas rentrer un tant soit peu dans l&rsquo;institution? Selon moi, l&rsquo;institution, le syst\u00e8me leur demande de d\u00e9l\u00e9guer leur place, leur fonction&#8230;leur demande de nous laisser faire puisque nous sommes les professionnels, ceux qui d\u00e9tiennent le savoir&#8230;Comment pouvons-nous mieux savoir que les parents ce qui est bon pour l&rsquo;enfant? En ayant accompagner plusieurs autres enfants singuliers, forc\u00e9ment diff\u00e9rent de LEUR enfant? En ayant lu des th\u00e9ories et particip\u00e9 \u00e0 des formations sur le polyhandicap? En cochant des cases sur des fiches de soin ou en r\u00e9fl\u00e9chissant \u00e0 des activit\u00e9s pour remplir des plannings?<\/p>\n\n\n\n<p>Accompagner des enfants fragiles demande de se remettre sans cesse en question, de prendre du recul mais de rester humain quoi qu&rsquo;il arrive&#8230;Les accompagnements se font jusqu&rsquo;\u00e0 ce que l&rsquo;enfant quitte l&rsquo;\u00e9tablissement pour une institution pour adultes ou d\u00e9c\u00e8de&#8230;Lors de ce moment difficile, nous soutenons les familles mais apr\u00e8s? Qu&rsquo;en est-il du suivi apr\u00e8s la perte de leur enfant? Les parents se retrouvent seuls, certains m&rsquo;ont dit qu&rsquo;ils avaient un sentiment de libert\u00e9 empoisonn\u00e9 : ils ont pass\u00e9 toute la vie de leur enfant \u00e0 s&rsquo;occuper de lui, \u00e0 en prendre soin, \u00e0 encha\u00eener les rendez-vous m\u00e9dicaux et un jour tout s&rsquo;arr\u00eate&#8230;Que leur reste-t-il? Y a t-il des suivis, des soutiens pour ces parents endeuill\u00e9s?<\/p>\n\n\n\n<p>Tous ces questionnements sur l&rsquo;accompagnement, le suivi des enfants et de leurs parents m&rsquo;ont suivi pendant presque 10 ans&#8230;Un jour, je me suis rappel\u00e9 pourquoi j&rsquo;avais choisi de travailler en institution: pour cr\u00e9er du lien&#8230;Je ne retrouvais plus ce pour quoi j&rsquo;avais choisi d&rsquo;\u00eatre \u00e9ducatrice sp\u00e9cialis\u00e9e&#8230;Je faisais mon travail machinalement sans me poser de questions&#8230;j&rsquo;ai alors pris la d\u00e9cision, non facile, de partir, apr\u00e8s un burn out, une ann\u00e9e sabbatique, j&rsquo;ai d\u00e9missionn\u00e9&#8230;<\/p>\n\n\n\n<p>Aujourd&rsquo;hui, j&rsquo;ai cr\u00e9\u00e9 des groupes de parole pour ces parents, pour les parents que je n&rsquo;ai pas assez rencontr\u00e9, ceux que j&rsquo;ai crois\u00e9 entre 2 portes, ceux qui auraient voulu \u00e9chang\u00e9 mais je n&rsquo;avais pas le temps car prise dans un quotidien&#8230;<\/p>\n\n\n\n<p>Aujourd\u2019hui, je souhaite que ces parents se retrouvent, me retrouvent et qu&rsquo;ensemble nous tissions des liens durables. Je souhaite qu&rsquo;ils aient un espace o\u00f9 l\u00e2cher tout ce qu&rsquo;ils ont sur le c\u0153ur, sur le quotidien, les accompagnements, la fratrie, leurs r\u00f4les et fonctions. J&rsquo;esp\u00e8re qu&rsquo;ils pourront se dire qu&rsquo;ils ont enfin trouv\u00e9 un endroit o\u00f9 ils sont entendus, compris et pas seulement par compassion&#8230;<\/p>\n\n\n\n<p class=\"has-drop-cap\">Une maman m&rsquo;a dit r\u00e9cemment que ce n&rsquo;\u00e9tait pas un projet de vie qu&rsquo;il fallait cr\u00e9er pour sa fille mais que c&rsquo;\u00e9tait une mission de vie. Pour moi, elle a r\u00e9sum\u00e9, elle a mis le doigt sur ce que repr\u00e9sente la vie avec un enfant handicap\u00e9: une mission&#8230;J&rsquo;aimerais que cette mission soit moins lourde \u00e0 porter, que cette mission soit partag\u00e9e \u00e0 plusieurs&#8230;<\/p>\n","protected":false},"excerpt":{"rendered":"<p>Cet article a pour but de livrer encore une fois de fa\u00e7on brute mon ressenti, je ne juge aucunement&#8230;Je relate mon v\u00e9cu, ce que j&rsquo;ai pu voir, percevoir pour peut \u00eatre faire avancer les choses et expliquer pourquoi j&rsquo;ai choisi de ne plus travailler en institution&#8230; Exercer en tant qu&rsquo;\u00e9ducatrice sp\u00e9cialis\u00e9e en institution aupr\u00e8s d&rsquo;enfants polyhandicap\u00e9s signifient les accompagner au quotidien, mettre en place des projets de vie. Ce projet se fait en lien avec les familles que nous rencontrons au moins une fois par an et ponctuellement \u00e0 leur demande ou \u00e0 la n\u00f4tre. Ces familles, au d\u00e9but de la prise en charge de leur enfant dans l&rsquo;\u00e9tablissement, d\u00e9posent leur enfant le matin, le r\u00e9cup\u00e8rent le soir et ce, tous les jours, comme chaque parent le fait avec son enfant pour l&rsquo;\u00e9cole. L&rsquo;\u00e9quipe et donc le r\u00e9f\u00e9rent de l&rsquo;enfant, c&rsquo;est \u00e0 dire moi, peut alors \u00e9changer sur la nuit de l&rsquo;enfant puis de sa journ\u00e9e. Pourtant tr\u00e8s vite, l&rsquo;institution propose la mise en place d&rsquo;un transport pour \u00e9viter aux parents de faire les trajets, ceux-ci acceptent puisque cela semble \u00eatre dans les habitudes de l&rsquo;institution. La communication avec l&rsquo;\u00e9quipe ne se fait plus de mani\u00e8re orale mais par le biais d&rsquo;un cahier de liaison ou parfois lors d&rsquo;un appel. Quelle place donne l&rsquo;institution aux parents? Comment se retrouvent-ils malgr\u00e9 eux dans une situation o\u00f9 nous ne pouvons plus les rencontrer? Comment les familles peuvent-elles nous dire ce qu&rsquo;elles ont sur le c\u0153ur si nous ne pouvons communiquer, se rencontrer et travailler en partenariat avec elles.? Lorsque j&rsquo;ai \u00e9mis l&rsquo;hypoth\u00e8se que si l&rsquo;enfant \u00e9tait en souffrance c&rsquo;\u00e9tait en lien avec la souffrance des parents, certains coll\u00e8gues m&rsquo;ont r\u00e9pondu \u00ab\u00a0tu t&rsquo;occupes de l&rsquo;enfant pas de ses parents\u00a0\u00bb&#8230;Sujet clos pour certains mais pas pour moi! J&rsquo;avais choisi de travailler en institution apr\u00e8s mon stage long en CAMSP justement pour retrouver le lien que j&rsquo;avais avec les familles, pour \u00eatre au plus pr\u00e8s d&rsquo;elles pour leur confort et celui de leur enfant. On me remettait \u00e0 une place d\u2019ex\u00e9cutant et non plus de \u00ab\u00a0personne qui met du sens dans ses actions\u00a0\u00bb&#8230;comme j&rsquo;avais cru l&rsquo;apprendre lors de ma formation. Le but m\u00eame de mon m\u00e9tier est de me poser des questions, de r\u00e9fl\u00e9chir avant d&rsquo;agir, d&rsquo;inclure les parents dans mon travail&#8230; Comment les familles peuvent-elles nous faire confiance si nous ne les laissons pas rentrer un tant soit peu dans l&rsquo;institution? Selon moi, l&rsquo;institution, le syst\u00e8me leur demande de d\u00e9l\u00e9guer leur place, leur fonction&#8230;leur demande de nous laisser faire puisque nous sommes les professionnels, ceux qui d\u00e9tiennent le savoir&#8230;Comment pouvons-nous mieux savoir que les parents ce qui est bon pour l&rsquo;enfant? En ayant accompagner plusieurs autres enfants singuliers, forc\u00e9ment diff\u00e9rent de LEUR enfant? En ayant lu des th\u00e9ories et particip\u00e9 \u00e0 des formations sur le polyhandicap? En cochant des cases sur des fiches de soin ou en r\u00e9fl\u00e9chissant \u00e0 des activit\u00e9s pour remplir des plannings? Accompagner des enfants fragiles demande de se remettre sans cesse en question, de prendre du recul mais de rester humain quoi qu&rsquo;il arrive&#8230;Les accompagnements se font jusqu&rsquo;\u00e0 ce que l&rsquo;enfant quitte l&rsquo;\u00e9tablissement pour une institution pour adultes ou d\u00e9c\u00e8de&#8230;Lors de ce moment difficile, nous soutenons les familles mais apr\u00e8s? Qu&rsquo;en est-il du suivi apr\u00e8s la perte de leur enfant? Les parents se retrouvent seuls, certains m&rsquo;ont dit qu&rsquo;ils avaient un sentiment de libert\u00e9 empoisonn\u00e9 : ils ont pass\u00e9 toute la vie de leur enfant \u00e0 s&rsquo;occuper de lui, \u00e0 en prendre soin, \u00e0 encha\u00eener les rendez-vous m\u00e9dicaux et un jour tout s&rsquo;arr\u00eate&#8230;Que leur reste-t-il? Y a t-il des suivis, des soutiens pour ces parents endeuill\u00e9s? Tous ces questionnements sur l&rsquo;accompagnement, le suivi des enfants et de leurs parents m&rsquo;ont suivi pendant presque 10 ans&#8230;Un jour, je me suis rappel\u00e9 pourquoi j&rsquo;avais choisi de travailler en institution: pour cr\u00e9er du lien&#8230;Je ne retrouvais plus ce pour quoi j&rsquo;avais choisi d&rsquo;\u00eatre \u00e9ducatrice sp\u00e9cialis\u00e9e&#8230;Je faisais mon travail machinalement sans me poser de questions&#8230;j&rsquo;ai alors pris la d\u00e9cision, non facile, de partir, apr\u00e8s un burn out, une ann\u00e9e sabbatique, j&rsquo;ai d\u00e9missionn\u00e9&#8230; Aujourd&rsquo;hui, j&rsquo;ai cr\u00e9\u00e9 des groupes de parole pour ces parents, pour les parents que je n&rsquo;ai pas assez rencontr\u00e9, ceux que j&rsquo;ai crois\u00e9 entre 2 portes, ceux qui auraient voulu \u00e9chang\u00e9 mais je n&rsquo;avais pas le temps car prise dans un quotidien&#8230; Aujourd\u2019hui, je souhaite que ces parents se retrouvent, me retrouvent et qu&rsquo;ensemble nous tissions des liens durables. Je souhaite qu&rsquo;ils aient un espace o\u00f9 l\u00e2cher tout ce qu&rsquo;ils ont sur le c\u0153ur, sur le quotidien, les accompagnements, la fratrie, leurs r\u00f4les et fonctions. J&rsquo;esp\u00e8re qu&rsquo;ils pourront se dire qu&rsquo;ils ont enfin trouv\u00e9 un endroit o\u00f9 ils sont entendus, compris et pas seulement par compassion&#8230; Une maman m&rsquo;a dit r\u00e9cemment que ce n&rsquo;\u00e9tait pas un projet de vie qu&rsquo;il fallait cr\u00e9er pour sa fille mais que c&rsquo;\u00e9tait une mission de vie. Pour moi, elle a r\u00e9sum\u00e9, elle a mis le doigt sur ce que repr\u00e9sente la vie avec un enfant handicap\u00e9: une mission&#8230;J&rsquo;aimerais que cette mission soit moins lourde \u00e0 porter, que cette mission soit partag\u00e9e \u00e0 plusieurs&#8230;<\/p>\n","protected":false},"author":1,"featured_media":0,"comment_status":"open","ping_status":"open","sticky":false,"template":"","format":"standard","meta":{"footnotes":""},"categories":[1],"tags":[11,12,10],"class_list":["post-103","post","type-post","status-publish","format-standard","hentry","category-non-classe","tag-aidants","tag-handicap","tag-institution"],"_links":{"self":[{"href":"http:\/\/tisserdesliens.luitaud.fr\/index.php?rest_route=\/wp\/v2\/posts\/103","targetHints":{"allow":["GET"]}}],"collection":[{"href":"http:\/\/tisserdesliens.luitaud.fr\/index.php?rest_route=\/wp\/v2\/posts"}],"about":[{"href":"http:\/\/tisserdesliens.luitaud.fr\/index.php?rest_route=\/wp\/v2\/types\/post"}],"author":[{"embeddable":true,"href":"http:\/\/tisserdesliens.luitaud.fr\/index.php?rest_route=\/wp\/v2\/users\/1"}],"replies":[{"embeddable":true,"href":"http:\/\/tisserdesliens.luitaud.fr\/index.php?rest_route=%2Fwp%2Fv2%2Fcomments&post=103"}],"version-history":[{"count":6,"href":"http:\/\/tisserdesliens.luitaud.fr\/index.php?rest_route=\/wp\/v2\/posts\/103\/revisions"}],"predecessor-version":[{"id":109,"href":"http:\/\/tisserdesliens.luitaud.fr\/index.php?rest_route=\/wp\/v2\/posts\/103\/revisions\/109"}],"wp:attachment":[{"href":"http:\/\/tisserdesliens.luitaud.fr\/index.php?rest_route=%2Fwp%2Fv2%2Fmedia&parent=103"}],"wp:term":[{"taxonomy":"category","embeddable":true,"href":"http:\/\/tisserdesliens.luitaud.fr\/index.php?rest_route=%2Fwp%2Fv2%2Fcategories&post=103"},{"taxonomy":"post_tag","embeddable":true,"href":"http:\/\/tisserdesliens.luitaud.fr\/index.php?rest_route=%2Fwp%2Fv2%2Ftags&post=103"}],"curies":[{"name":"wp","href":"https:\/\/api.w.org\/{rel}","templated":true}]}}