{"id":111,"date":"2021-01-26T16:17:59","date_gmt":"2021-01-26T15:17:59","guid":{"rendered":"http:\/\/tisserdesliens.luitaud.fr\/?p=111"},"modified":"2021-02-20T17:26:03","modified_gmt":"2021-02-20T16:26:03","slug":"la-peur-de-labandon","status":"publish","type":"post","link":"http:\/\/tisserdesliens.luitaud.fr\/?p=111","title":{"rendered":"La peur de l&rsquo;abandon"},"content":{"rendered":"\n<p>D&rsquo;aussi loin que je me souvienne, j&rsquo;ai toujours voulu plaire : \u00e0 mes parents, \u00e0 mes amis, mes profs puis mes petits amis&#8230;Je ne voulais pas faire de vague, de peur que les autres ne m&rsquo;aiment plus et m&rsquo;abandonnent&#8230;<\/p>\n\n\n\n<p>D&rsquo;o\u00f9 vient ce besoin d&rsquo;appartenir \u00e0 un groupe, de se sentir valoris\u00e9e aux yeux des autres? De faire pour les autres et pas pour moi&#8230;Souvent les gens ne me connaissent pas vraiment pour qui je suis au fond de moi car je n&rsquo;ose pas leur montrer ce qu&rsquo;il y a derri\u00e8re ma carapace&#8230;Une femme fragile, qui manque de confiance, qui se bat contre ses d\u00e9mons, contre ce sentiment d&rsquo;\u00eatre \u00e0 part mais aussi une femme pleine de vie, rigolote, compl\u00e8tement d\u00e9jant\u00e9e qui adore faire la f\u00eate et profiter de ses amis..Donc je me cache, (j&rsquo;aimerais l&rsquo;\u00e9crire \u00e0 l&rsquo;imparfait mais ce n&rsquo;est pas encore tout \u00e0 fait le cas&#8230;) pour qu&rsquo;on ne m&rsquo;abandonne pas&#8230;<\/p>\n\n\n\n<p>Petite, j&rsquo;ai souvent \u00e9t\u00e9 victime de moqueries \u00e0 cause de mon poids, de ma gentillesse, trop bonne trop c&#8230;et ces traumatismes sont rest\u00e9es et m&rsquo;ont oblig\u00e9s \u00e0 me forger une carapace&#8230;Cette carapace j&rsquo;aimerais la faire tomber, je la fais parfois tomber mais lorsque \u00e7a ne va pas pour une raison ou une autre, je la remets et je m&rsquo;y cache.<\/p>\n\n\n\n<p>Il y a peu je me suis reconnue dans des t\u00e9moignages de multipotentielles, ne pas pouvoir\/savoir se poser, avoir peur de choisir et perdre quelque chose, l&rsquo;abandonner&#8230;Cette question de la multipotentialit\u00e9 m&rsquo;aide \u00e0 me comprendre, \u00e0 oser \u00eatre moi, \u00e0 assumer qui je suis m\u00eame si parfois (souvent) je me sens \u00e0 part&#8230;J&rsquo;ai souvent le sentiment que beaucoup d&rsquo;\u00e9motions, de pens\u00e9es, se bousculent dans ma t\u00eate et mon corps mais que je ne parviens pas \u00e0 les canaliser, \u00e0 les accueillir pour qu&rsquo;elles n&rsquo;explosent pas&#8230;<\/p>\n\n\n\n<p>Multipotentielle, hypersensible&#8230;des qualificatifs qui me permettent de mieux comprendre mes sentiments, mes peurs, de mettre des mots sur des blocages anciens et tenter de les soigner. Sans entrer dans des cases, mettre une \u00e9tiquette, c&rsquo;est important pour moi de savoir que je ne suis pas seule, que des traits de ma personnalit\u00e9 sont communs avec d&rsquo;autres personnes, que je fais finalement partie d&rsquo;une communaut\u00e9 et que c&rsquo;est une chance!<\/p>\n\n\n\n<p>Avoir peur d&rsquo;\u00eatre abandonn\u00e9e me coupe de certains \u00e9changes, me fait trop r\u00e9fl\u00e9chir \u00e0 mes relations, me fait douter&#8230;J&rsquo;aimerais ne pas me poser de questions, \u00eatre plus spontan\u00e9e, profiter du moment pr\u00e9sent mais pour le moment, j&rsquo;\u00e9cris, je parle, je travaille sur ces angoisses et je sens que je deviens plus forte, plus sereine, un peu moins anxieuse!<\/p>\n\n\n\n<p>Etre hypersensible permet de sentir les gens, d&rsquo;\u00eatre ouverte, perm\u00e9able aux \u00e9motions des autres et donc de pouvoir trouver des personnes qui me ressemblent mais aussi de ne pas pouvoir m&#8217;emp\u00eacher d&rsquo;aider m\u00eame si parfois j&rsquo;y perds des plumes, j&rsquo;ai pu me laisser prendre dans des relations toxiques&#8230;<\/p>\n\n\n\n<p>Voil\u00e0, encore une fois je me suis livr\u00e9e brute, sans filtre&#8230;j&rsquo;aimerais pouvoir me montrer aux yeux de tous telle que je suis vraiment mais avant cela il faut que je soies en pleine confiance, que je l\u00e2che prise, j&rsquo;y arriverais un jour et ce jour l\u00e0 ce sera bon, ce sera doux!<\/p>\n\n\n\n<p><\/p>\n\n\n\n<p><\/p>\n","protected":false},"excerpt":{"rendered":"<p>D&rsquo;aussi loin que je me souvienne, j&rsquo;ai toujours voulu plaire : \u00e0 mes parents, \u00e0 mes amis, mes profs puis mes petits amis&#8230;Je ne voulais pas faire de vague, de peur que les autres ne m&rsquo;aiment plus et m&rsquo;abandonnent&#8230; D&rsquo;o\u00f9 vient ce besoin d&rsquo;appartenir \u00e0 un groupe, de se sentir valoris\u00e9e aux yeux des autres? De faire pour les autres et pas pour moi&#8230;Souvent les gens ne me connaissent pas vraiment pour qui je suis au fond de moi car je n&rsquo;ose pas leur montrer ce qu&rsquo;il y a derri\u00e8re ma carapace&#8230;Une femme fragile, qui manque de confiance, qui se bat contre ses d\u00e9mons, contre ce sentiment d&rsquo;\u00eatre \u00e0 part mais aussi une femme pleine de vie, rigolote, compl\u00e8tement d\u00e9jant\u00e9e qui adore faire la f\u00eate et profiter de ses amis..Donc je me cache, (j&rsquo;aimerais l&rsquo;\u00e9crire \u00e0 l&rsquo;imparfait mais ce n&rsquo;est pas encore tout \u00e0 fait le cas&#8230;) pour qu&rsquo;on ne m&rsquo;abandonne pas&#8230; Petite, j&rsquo;ai souvent \u00e9t\u00e9 victime de moqueries \u00e0 cause de mon poids, de ma gentillesse, trop bonne trop c&#8230;et ces traumatismes sont rest\u00e9es et m&rsquo;ont oblig\u00e9s \u00e0 me forger une carapace&#8230;Cette carapace j&rsquo;aimerais la faire tomber, je la fais parfois tomber mais lorsque \u00e7a ne va pas pour une raison ou une autre, je la remets et je m&rsquo;y cache. Il y a peu je me suis reconnue dans des t\u00e9moignages de multipotentielles, ne pas pouvoir\/savoir se poser, avoir peur de choisir et perdre quelque chose, l&rsquo;abandonner&#8230;Cette question de la multipotentialit\u00e9 m&rsquo;aide \u00e0 me comprendre, \u00e0 oser \u00eatre moi, \u00e0 assumer qui je suis m\u00eame si parfois (souvent) je me sens \u00e0 part&#8230;J&rsquo;ai souvent le sentiment que beaucoup d&rsquo;\u00e9motions, de pens\u00e9es, se bousculent dans ma t\u00eate et mon corps mais que je ne parviens pas \u00e0 les canaliser, \u00e0 les accueillir pour qu&rsquo;elles n&rsquo;explosent pas&#8230; Multipotentielle, hypersensible&#8230;des qualificatifs qui me permettent de mieux comprendre mes sentiments, mes peurs, de mettre des mots sur des blocages anciens et tenter de les soigner. Sans entrer dans des cases, mettre une \u00e9tiquette, c&rsquo;est important pour moi de savoir que je ne suis pas seule, que des traits de ma personnalit\u00e9 sont communs avec d&rsquo;autres personnes, que je fais finalement partie d&rsquo;une communaut\u00e9 et que c&rsquo;est une chance! Avoir peur d&rsquo;\u00eatre abandonn\u00e9e me coupe de certains \u00e9changes, me fait trop r\u00e9fl\u00e9chir \u00e0 mes relations, me fait douter&#8230;J&rsquo;aimerais ne pas me poser de questions, \u00eatre plus spontan\u00e9e, profiter du moment pr\u00e9sent mais pour le moment, j&rsquo;\u00e9cris, je parle, je travaille sur ces angoisses et je sens que je deviens plus forte, plus sereine, un peu moins anxieuse! Etre hypersensible permet de sentir les gens, d&rsquo;\u00eatre ouverte, perm\u00e9able aux \u00e9motions des autres et donc de pouvoir trouver des personnes qui me ressemblent mais aussi de ne pas pouvoir m&#8217;emp\u00eacher d&rsquo;aider m\u00eame si parfois j&rsquo;y perds des plumes, j&rsquo;ai pu me laisser prendre dans des relations toxiques&#8230; Voil\u00e0, encore une fois je me suis livr\u00e9e brute, sans filtre&#8230;j&rsquo;aimerais pouvoir me montrer aux yeux de tous telle que je suis vraiment mais avant cela il faut que je soies en pleine confiance, que je l\u00e2che prise, j&rsquo;y arriverais un jour et ce jour l\u00e0 ce sera bon, ce sera doux!<\/p>\n","protected":false},"author":1,"featured_media":0,"comment_status":"open","ping_status":"open","sticky":false,"template":"","format":"standard","meta":{"footnotes":""},"categories":[1],"tags":[9],"class_list":["post-111","post","type-post","status-publish","format-standard","hentry","category-non-classe","tag-developpement-personnel"],"_links":{"self":[{"href":"http:\/\/tisserdesliens.luitaud.fr\/index.php?rest_route=\/wp\/v2\/posts\/111","targetHints":{"allow":["GET"]}}],"collection":[{"href":"http:\/\/tisserdesliens.luitaud.fr\/index.php?rest_route=\/wp\/v2\/posts"}],"about":[{"href":"http:\/\/tisserdesliens.luitaud.fr\/index.php?rest_route=\/wp\/v2\/types\/post"}],"author":[{"embeddable":true,"href":"http:\/\/tisserdesliens.luitaud.fr\/index.php?rest_route=\/wp\/v2\/users\/1"}],"replies":[{"embeddable":true,"href":"http:\/\/tisserdesliens.luitaud.fr\/index.php?rest_route=%2Fwp%2Fv2%2Fcomments&post=111"}],"version-history":[{"count":4,"href":"http:\/\/tisserdesliens.luitaud.fr\/index.php?rest_route=\/wp\/v2\/posts\/111\/revisions"}],"predecessor-version":[{"id":117,"href":"http:\/\/tisserdesliens.luitaud.fr\/index.php?rest_route=\/wp\/v2\/posts\/111\/revisions\/117"}],"wp:attachment":[{"href":"http:\/\/tisserdesliens.luitaud.fr\/index.php?rest_route=%2Fwp%2Fv2%2Fmedia&parent=111"}],"wp:term":[{"taxonomy":"category","embeddable":true,"href":"http:\/\/tisserdesliens.luitaud.fr\/index.php?rest_route=%2Fwp%2Fv2%2Fcategories&post=111"},{"taxonomy":"post_tag","embeddable":true,"href":"http:\/\/tisserdesliens.luitaud.fr\/index.php?rest_route=%2Fwp%2Fv2%2Ftags&post=111"}],"curies":[{"name":"wp","href":"https:\/\/api.w.org\/{rel}","templated":true}]}}