{"id":120,"date":"2021-02-09T14:48:12","date_gmt":"2021-02-09T13:48:12","guid":{"rendered":"http:\/\/tisserdesliens.luitaud.fr\/?p=120"},"modified":"2021-02-20T17:25:42","modified_gmt":"2021-02-20T16:25:42","slug":"exprimer-ses-emotions","status":"publish","type":"post","link":"http:\/\/tisserdesliens.luitaud.fr\/?p=120","title":{"rendered":"Exprimer ses \u00e9motions"},"content":{"rendered":"\n<p>Depuis mon burn out, j&rsquo;ai r\u00e9 entrepris un travail sur moi, avec une kin\u00e9siologue puis une th\u00e9rapeute qu je voyais d&rsquo;abord toutes les semaines puis tous les 15 jours&#8230;Ces sp\u00e9cialistes m&rsquo;ont aid\u00e9 \u00e0 mettre des mots sur mes \u00e9motions, \u00e0 ne pas garder pour moi, \u00e0 ne plus avoir honte d&rsquo;\u00eatre triste, en col\u00e8re&#8230;<\/p>\n\n\n\n<p>Souvent je n&rsquo;ose pas m&rsquo;exprimer par peur que les autres pensent que j&rsquo;en rajoute, ou que mes propos ne seraient pas appropri\u00e9s \u00ab\u00a0pourquoi est-elle triste alors qu&rsquo;elle a un toit, un mari, des enfants et suffisamment d&rsquo;argent pour ne pas se poser de questions?\u00a0\u00bb <\/p>\n\n\n\n<p>Pourtant lors de ma derni\u00e8re s\u00e9ance, je suis arriv\u00e9e lasse, sans pouvoir exprimer ce que je ressentais au fond de moi : une petite boule de col\u00e8re et de tristesse qui faisait des va et vient mais qui ne cherchait pas \u00e0 sortir, \u00e0 \u00e9clater, elle semblait se complaire \u00e0 l&rsquo;int\u00e9rieur&#8230;Ma th\u00e9rapeute m&rsquo;a dit \u00ab\u00a0exprime toi, quand tu n&rsquo;es pas d&rsquo;accord avec ce que les autres disent, dis le, sinon tu vas ressasser leurs paroles, tu vas t&rsquo;auto-d\u00e9nigrer et la boule va grossir et t&rsquo;oppresser\u00a0\u00bb. Depuis ces paroles me restent en t\u00eate, elle a raison, je m&rsquo;exprime envers mon mari mais pas envers mes amis, j\u2019acquiesce souvent mais ne vais pas au fond de mes pens\u00e9es et je repense apr\u00e8s \u00e0 ce qu&rsquo;elles m&rsquo;ont dit, ce que j&rsquo;aurais d\u00fb r\u00e9pondre, pourquoi \u00e7a me touche autant. Je pense que sur le moment , je me dis \u00ab\u00a0oh ce n&rsquo;est pas si grave ce qu&rsquo;elles disent, je n&rsquo;ai pas de raison de mal le prendre&#8230;\u00a0\u00bbSeulement en tant que bonne hypersensible^^, toutes les \u00e9motions, les phrases, les attitudes des autres, je les re\u00e7ois, les analyse et les prends pour moi&#8230;Je suis une v\u00e9ritable \u00e9ponge et parfois je ne parviens pas \u00e0 faire la part des choses entre ce qui m&rsquo;appartient et ce qui appartient aux autres&#8230;Je garde tout pour moi, je suis encore + triste ou en col\u00e8re et je m&rsquo;en veux ensuite de ressentir tout \u00e7a&#8230;Je choisis de prendre la fuite, de m&rsquo;isoler pour ne plus recevoir d&rsquo;\u00e9motions&#8230;<\/p>\n\n\n\n<p>Ce cercle dure depuis un moment d\u00e9j\u00e0, je continue de travailler sur l&rsquo;expression de mes \u00e9motions, sur le fait de mettre de la distance avec celles des autres, sur le fait de me montrer telle que je suis vraiment et ne plus me cacher derri\u00e8re un masque, sous la carapace que je me suis forg\u00e9e. Exprimer ses \u00e9motions alors que depuis toujours je cherche \u00e0 les contr\u00f4ler, \u00e0 les faire taire ou les ignorer n&rsquo;est pas facile mais tellement lib\u00e9rateur!<\/p>\n\n\n\n<p>Ecrire, vider ce que j&rsquo;ai dans la t\u00eate m&rsquo;aide \u00e9norm\u00e9ment, me permet de me poser, de moins penser, de prendre du recul&#8230;L&rsquo;\u00e9criture est vraiment th\u00e9rapeutique pour moi, alors j&rsquo;esp\u00e8re que mes pens\u00e9es viennent jusqu&rsquo;\u00e0 vous, ne sont pas juste des mots mais qu&rsquo;elles font \u00e9cho, qu&rsquo;elles vous apportent quelque chose..;<\/p>\n\n\n\n<p>Au plaisir de vous lire, prenez soin de vous!<\/p>\n","protected":false},"excerpt":{"rendered":"<p>Depuis mon burn out, j&rsquo;ai r\u00e9 entrepris un travail sur moi, avec une kin\u00e9siologue puis une th\u00e9rapeute qu je voyais d&rsquo;abord toutes les semaines puis tous les 15 jours&#8230;Ces sp\u00e9cialistes m&rsquo;ont aid\u00e9 \u00e0 mettre des mots sur mes \u00e9motions, \u00e0 ne pas garder pour moi, \u00e0 ne plus avoir honte d&rsquo;\u00eatre triste, en col\u00e8re&#8230; Souvent je n&rsquo;ose pas m&rsquo;exprimer par peur que les autres pensent que j&rsquo;en rajoute, ou que mes propos ne seraient pas appropri\u00e9s \u00ab\u00a0pourquoi est-elle triste alors qu&rsquo;elle a un toit, un mari, des enfants et suffisamment d&rsquo;argent pour ne pas se poser de questions?\u00a0\u00bb Pourtant lors de ma derni\u00e8re s\u00e9ance, je suis arriv\u00e9e lasse, sans pouvoir exprimer ce que je ressentais au fond de moi : une petite boule de col\u00e8re et de tristesse qui faisait des va et vient mais qui ne cherchait pas \u00e0 sortir, \u00e0 \u00e9clater, elle semblait se complaire \u00e0 l&rsquo;int\u00e9rieur&#8230;Ma th\u00e9rapeute m&rsquo;a dit \u00ab\u00a0exprime toi, quand tu n&rsquo;es pas d&rsquo;accord avec ce que les autres disent, dis le, sinon tu vas ressasser leurs paroles, tu vas t&rsquo;auto-d\u00e9nigrer et la boule va grossir et t&rsquo;oppresser\u00a0\u00bb. Depuis ces paroles me restent en t\u00eate, elle a raison, je m&rsquo;exprime envers mon mari mais pas envers mes amis, j\u2019acquiesce souvent mais ne vais pas au fond de mes pens\u00e9es et je repense apr\u00e8s \u00e0 ce qu&rsquo;elles m&rsquo;ont dit, ce que j&rsquo;aurais d\u00fb r\u00e9pondre, pourquoi \u00e7a me touche autant. Je pense que sur le moment , je me dis \u00ab\u00a0oh ce n&rsquo;est pas si grave ce qu&rsquo;elles disent, je n&rsquo;ai pas de raison de mal le prendre&#8230;\u00a0\u00bbSeulement en tant que bonne hypersensible^^, toutes les \u00e9motions, les phrases, les attitudes des autres, je les re\u00e7ois, les analyse et les prends pour moi&#8230;Je suis une v\u00e9ritable \u00e9ponge et parfois je ne parviens pas \u00e0 faire la part des choses entre ce qui m&rsquo;appartient et ce qui appartient aux autres&#8230;Je garde tout pour moi, je suis encore + triste ou en col\u00e8re et je m&rsquo;en veux ensuite de ressentir tout \u00e7a&#8230;Je choisis de prendre la fuite, de m&rsquo;isoler pour ne plus recevoir d&rsquo;\u00e9motions&#8230; Ce cercle dure depuis un moment d\u00e9j\u00e0, je continue de travailler sur l&rsquo;expression de mes \u00e9motions, sur le fait de mettre de la distance avec celles des autres, sur le fait de me montrer telle que je suis vraiment et ne plus me cacher derri\u00e8re un masque, sous la carapace que je me suis forg\u00e9e. Exprimer ses \u00e9motions alors que depuis toujours je cherche \u00e0 les contr\u00f4ler, \u00e0 les faire taire ou les ignorer n&rsquo;est pas facile mais tellement lib\u00e9rateur! Ecrire, vider ce que j&rsquo;ai dans la t\u00eate m&rsquo;aide \u00e9norm\u00e9ment, me permet de me poser, de moins penser, de prendre du recul&#8230;L&rsquo;\u00e9criture est vraiment th\u00e9rapeutique pour moi, alors j&rsquo;esp\u00e8re que mes pens\u00e9es viennent jusqu&rsquo;\u00e0 vous, ne sont pas juste des mots mais qu&rsquo;elles font \u00e9cho, qu&rsquo;elles vous apportent quelque chose..; Au plaisir de vous lire, prenez soin de vous!<\/p>\n","protected":false},"author":1,"featured_media":0,"comment_status":"open","ping_status":"open","sticky":false,"template":"","format":"standard","meta":{"footnotes":""},"categories":[1],"tags":[9,8],"class_list":["post-120","post","type-post","status-publish","format-standard","hentry","category-non-classe","tag-developpement-personnel","tag-emotions"],"_links":{"self":[{"href":"http:\/\/tisserdesliens.luitaud.fr\/index.php?rest_route=\/wp\/v2\/posts\/120","targetHints":{"allow":["GET"]}}],"collection":[{"href":"http:\/\/tisserdesliens.luitaud.fr\/index.php?rest_route=\/wp\/v2\/posts"}],"about":[{"href":"http:\/\/tisserdesliens.luitaud.fr\/index.php?rest_route=\/wp\/v2\/types\/post"}],"author":[{"embeddable":true,"href":"http:\/\/tisserdesliens.luitaud.fr\/index.php?rest_route=\/wp\/v2\/users\/1"}],"replies":[{"embeddable":true,"href":"http:\/\/tisserdesliens.luitaud.fr\/index.php?rest_route=%2Fwp%2Fv2%2Fcomments&post=120"}],"version-history":[{"count":2,"href":"http:\/\/tisserdesliens.luitaud.fr\/index.php?rest_route=\/wp\/v2\/posts\/120\/revisions"}],"predecessor-version":[{"id":122,"href":"http:\/\/tisserdesliens.luitaud.fr\/index.php?rest_route=\/wp\/v2\/posts\/120\/revisions\/122"}],"wp:attachment":[{"href":"http:\/\/tisserdesliens.luitaud.fr\/index.php?rest_route=%2Fwp%2Fv2%2Fmedia&parent=120"}],"wp:term":[{"taxonomy":"category","embeddable":true,"href":"http:\/\/tisserdesliens.luitaud.fr\/index.php?rest_route=%2Fwp%2Fv2%2Fcategories&post=120"},{"taxonomy":"post_tag","embeddable":true,"href":"http:\/\/tisserdesliens.luitaud.fr\/index.php?rest_route=%2Fwp%2Fv2%2Ftags&post=120"}],"curies":[{"name":"wp","href":"https:\/\/api.w.org\/{rel}","templated":true}]}}