{"id":153,"date":"2021-04-28T19:36:44","date_gmt":"2021-04-28T17:36:44","guid":{"rendered":"http:\/\/tisserdesliens.luitaud.fr\/?p=153"},"modified":"2021-04-28T19:36:44","modified_gmt":"2021-04-28T17:36:44","slug":"limpression-de-tourner-en-rond","status":"publish","type":"post","link":"http:\/\/tisserdesliens.luitaud.fr\/?p=153","title":{"rendered":"L&rsquo;impression de tourner en rond"},"content":{"rendered":"\n<p>Comme je l&rsquo;ai d\u00e9j\u00e0 dit dans un pr\u00e9c\u00e9dent article, je me suis lance dans l&rsquo;auto entreprenariat en septembre 2020. Mon activit\u00e9 peine \u00e0 se mettre en place alors bien s\u00fbr je me dis que c&rsquo;est parce que je ne fais pas les choses correctement, que je ne suis pas l\u00e9gitime d&rsquo;avoir lanc\u00e9 \u00e7a, que je ne travaille pas assez, bref que je tourne en rond&#8230;Le moral n&rsquo;est forc\u00e9ment pas tr\u00e8s bon, le sommeil non plus&#8230;et toute la famille en p\u00e2tit, ajoutez \u00e0 cela un \u00e9ni\u00e8me confinement avec des enfants en \u00e9cole \u00e0 la maison et en pseudo-vacances et vous avez mon humeur de ces derniers jours (pardon semaines&#8230;) \u00c7a va, \u00e7a vient, \u00e7a change, \u00e7a fluctue&#8230;Mais je sens bien au fond de moi que ce n&rsquo;est pas \u00e7a, que plusieurs \u00e9motions se bousculent, qu&rsquo;il y a un tourbillon qui est train de monter en moi, je n&rsquo;arrive pas \u00e0 crier, \u00e0 pleurer mais je sens une lassitude, une col\u00e8re, une d\u00e9ception, une amertume mais peu de joie, de reconnaissance, de bonheur&#8230;Je me sens vide alors que je pourrais \u00eatre \u00e9panouie, je me sens seule alors que ma famille est l\u00e0 tout pr\u00e8s (trop pr\u00e8s?), je n&rsquo;ai pas le courage, la l\u00e9gitimit\u00e9 de partir seule en voiture ou m&rsquo;\u00e9vader un peu du quotidien alors je rumine, mon cerveau fonctionne \u00e0 plein r\u00e9gime pour quoi? <\/p>\n\n\n\n<p>EDIT, l&rsquo;avantage d\u2019enregistrer mes \u00e9crits et de me relire plus tard me permet de prendre du recul sur mes phases de down. Apr\u00e8s avoir couch\u00e9 ma n\u00e9gativit\u00e9 sur le papier (ou plut\u00f4t sur mon ordinateur&#8230;), je me sens mieux, j&rsquo;ai p\u00fb mieux dormir et \u00eatre plus apte \u00e0 r\u00e9fl\u00e9chir, \u00e0 me poser.<\/p>\n\n\n\n<p>La magie de l&rsquo;\u00e9crit me surprendra toujours, me fascinera toujours et me fera toujours autant de bien!<\/p>\n\n\n\n<p>Article court aujourd&rsquo;hui mais voil\u00e0, je me livre encore une fois brute, sans d\u00e9tour, sans filtre, j&rsquo;en avais besoin et c&rsquo;est sorti sans que je le contr\u00f4le et \u00e7a fait tellement de bien!!!<\/p>\n\n\n\n<p>Bonne lecture et prenez soin de vous!<\/p>\n","protected":false},"excerpt":{"rendered":"<p>Comme je l&rsquo;ai d\u00e9j\u00e0 dit dans un pr\u00e9c\u00e9dent article, je me suis lance dans l&rsquo;auto entreprenariat en septembre 2020. Mon activit\u00e9 peine \u00e0 se mettre en place alors bien s\u00fbr je me dis que c&rsquo;est parce que je ne fais pas les choses correctement, que je ne suis pas l\u00e9gitime d&rsquo;avoir lanc\u00e9 \u00e7a, que je ne travaille pas assez, bref que je tourne en rond&#8230;Le moral n&rsquo;est forc\u00e9ment pas tr\u00e8s bon, le sommeil non plus&#8230;et toute la famille en p\u00e2tit, ajoutez \u00e0 cela un \u00e9ni\u00e8me confinement avec des enfants en \u00e9cole \u00e0 la maison et en pseudo-vacances et vous avez mon humeur de ces derniers jours (pardon semaines&#8230;) \u00c7a va, \u00e7a vient, \u00e7a change, \u00e7a fluctue&#8230;Mais je sens bien au fond de moi que ce n&rsquo;est pas \u00e7a, que plusieurs \u00e9motions se bousculent, qu&rsquo;il y a un tourbillon qui est train de monter en moi, je n&rsquo;arrive pas \u00e0 crier, \u00e0 pleurer mais je sens une lassitude, une col\u00e8re, une d\u00e9ception, une amertume mais peu de joie, de reconnaissance, de bonheur&#8230;Je me sens vide alors que je pourrais \u00eatre \u00e9panouie, je me sens seule alors que ma famille est l\u00e0 tout pr\u00e8s (trop pr\u00e8s?), je n&rsquo;ai pas le courage, la l\u00e9gitimit\u00e9 de partir seule en voiture ou m&rsquo;\u00e9vader un peu du quotidien alors je rumine, mon cerveau fonctionne \u00e0 plein r\u00e9gime pour quoi? EDIT, l&rsquo;avantage d\u2019enregistrer mes \u00e9crits et de me relire plus tard me permet de prendre du recul sur mes phases de down. Apr\u00e8s avoir couch\u00e9 ma n\u00e9gativit\u00e9 sur le papier (ou plut\u00f4t sur mon ordinateur&#8230;), je me sens mieux, j&rsquo;ai p\u00fb mieux dormir et \u00eatre plus apte \u00e0 r\u00e9fl\u00e9chir, \u00e0 me poser. La magie de l&rsquo;\u00e9crit me surprendra toujours, me fascinera toujours et me fera toujours autant de bien! Article court aujourd&rsquo;hui mais voil\u00e0, je me livre encore une fois brute, sans d\u00e9tour, sans filtre, j&rsquo;en avais besoin et c&rsquo;est sorti sans que je le contr\u00f4le et \u00e7a fait tellement de bien!!! Bonne lecture et prenez soin de vous!<\/p>\n","protected":false},"author":1,"featured_media":0,"comment_status":"open","ping_status":"open","sticky":false,"template":"","format":"standard","meta":{"footnotes":""},"categories":[1],"tags":[],"class_list":["post-153","post","type-post","status-publish","format-standard","hentry","category-non-classe"],"_links":{"self":[{"href":"http:\/\/tisserdesliens.luitaud.fr\/index.php?rest_route=\/wp\/v2\/posts\/153","targetHints":{"allow":["GET"]}}],"collection":[{"href":"http:\/\/tisserdesliens.luitaud.fr\/index.php?rest_route=\/wp\/v2\/posts"}],"about":[{"href":"http:\/\/tisserdesliens.luitaud.fr\/index.php?rest_route=\/wp\/v2\/types\/post"}],"author":[{"embeddable":true,"href":"http:\/\/tisserdesliens.luitaud.fr\/index.php?rest_route=\/wp\/v2\/users\/1"}],"replies":[{"embeddable":true,"href":"http:\/\/tisserdesliens.luitaud.fr\/index.php?rest_route=%2Fwp%2Fv2%2Fcomments&post=153"}],"version-history":[{"count":3,"href":"http:\/\/tisserdesliens.luitaud.fr\/index.php?rest_route=\/wp\/v2\/posts\/153\/revisions"}],"predecessor-version":[{"id":157,"href":"http:\/\/tisserdesliens.luitaud.fr\/index.php?rest_route=\/wp\/v2\/posts\/153\/revisions\/157"}],"wp:attachment":[{"href":"http:\/\/tisserdesliens.luitaud.fr\/index.php?rest_route=%2Fwp%2Fv2%2Fmedia&parent=153"}],"wp:term":[{"taxonomy":"category","embeddable":true,"href":"http:\/\/tisserdesliens.luitaud.fr\/index.php?rest_route=%2Fwp%2Fv2%2Fcategories&post=153"},{"taxonomy":"post_tag","embeddable":true,"href":"http:\/\/tisserdesliens.luitaud.fr\/index.php?rest_route=%2Fwp%2Fv2%2Ftags&post=153"}],"curies":[{"name":"wp","href":"https:\/\/api.w.org\/{rel}","templated":true}]}}